{"id":890,"date":"2014-01-30T12:46:10","date_gmt":"2014-01-30T12:46:10","guid":{"rendered":"http:\/\/www.fonbec.org.ar\/?p=890"},"modified":"2014-01-30T12:46:10","modified_gmt":"2014-01-30T12:46:10","slug":"becas-homenaje","status":"publish","type":"post","link":"https:\/\/www.fonbec.org.ar\/?p=890","title":{"rendered":"Becas homenaje."},"content":{"rendered":"<p>Fuente: <a href=\"http:\/\/www.losandes.com.ar\/notas\/2014\/1\/26\/crean-becas-homenaje-miguel-angel-giaquinta-763768.asp\">Diario Los Andes<\/a><br \/>\nEl nombre de Miguel \u00c1ngel Giaquinta, fallecido en agosto pasado, trasciende en forma de becas a estudiantes en Tupungato. La empresa Belatrix Software, ubicada en Chacras de Coria -donde trabajaba Giaquinta-, las cre\u00f3 junto a Fonbec \u201cen homenaje a los valores que \u00e9l siempre represent\u00f3\u201d, con la misi\u00f3n de colaborar para que otras personas puedan alcanzar sus objetivos y desarrollarse personal y profesionalmente.<br \/>\nEstas becas se encuentran sujetas a apadrinamientos por parte de los entonces compa\u00f1eros de trabajo de Giaquinta y alcanzan a 10 chicos de la Escuela Hogar \u201cEva Per\u00f3n\u201d ubicada en el Parque San Mart\u00edn.<br \/>\nConociendo a Miguel<br \/>\nEn una charla \u00edntima con el bodeguero Miguel Giaquinta, su padre, Los Andes obtuvo datos que permiten entender la trascendencia de este querido tupungatino.<br \/>\nAmado por su familia y amigos, admirado por conocidos y compa\u00f1eros de trabajo, \u201cMiguelito\u201d falleci\u00f3 de un paro card\u00edaco a los 27 a\u00f1os en agosto dejando un gran vac\u00edo, pero tambi\u00e9n muchas ense\u00f1anzas que permiten recordarlo con un gran amor y admiraci\u00f3n.<br \/>\nA los 16 a\u00f1os fund\u00f3 un peri\u00f3dico de tirada local llamado \u201cEl Volc\u00e1n\u201d, en el cual como editor dio las primeras se\u00f1ales de su compromiso real con la sociedad. En este emprendimiento, junto a su hermano Francisco y al profesor Gustavo Cortez, Miguel supo a edad precoz abordar responsablemente la comunicaci\u00f3n local.<br \/>\nSus hermanos lo definieron como un chico callado, reservado, muy responsable y detallista, de momentos perspicaces y con arranques que alegraban a toda su familia. Su padre lo defini\u00f3 como su segundo nombre, \u201cun \u00e1ngel\u201d con un \u201ccoraz\u00f3n enorme\u201d.<br \/>\nCon una gran humildad y un bagaje de virtudes, sumado a la habilidad para las matem\u00e1ticas, se form\u00f3 en la UTN como ingeniero en Sistemas. En este proceso Miguel \u00c1ngel pas\u00f3 por momentos muy dif\u00edciles, ya que sufri\u00f3 un accidente en el que la camioneta en la que viajaba con parte de su familia fue arrastrada por una creciente y sus extremidades fueron apretadas por el veh\u00edculo arranc\u00e1ndole la mitad de una pierna.<br \/>\n\u201cA mi hijo en ese momento le salvaron la vida un gran m\u00e9dico en Tunuy\u00e1n, que le realiz\u00f3 limpieza toda la noche, y en Mendoza el doctor Mat\u00edas Roby, quien lo ingreso al quir\u00f3fano 18 veces\u201d, cont\u00f3 su padre con un rostro lleno de agradecimiento. Una vez dado de alta, en vez de volver a casa para recuperarse, se dirigi\u00f3 al departamento donde viv\u00eda mientras estudiaba en la calle Catamarca y con muletas y mucho esfuerzo continu\u00f3 sus estudios para no retrasarse, signo de la responsabilidad con la que afront\u00f3 cada objetivo en su vida.<br \/>\nLa empresa de software fue a buscarlo a la universidad 8 meses antes de recibirse, apostando a su capacidad y a sus calificaciones. Desde ese momento, \u201cMiguelito\u201d desarroll\u00f3 productos de venta internacional, pero sobre todas las cosas dej\u00f3 momentos inolvidables para directivos de la empresa y compa\u00f1eros de trabajo.<br \/>\nSupo trascender mas all\u00e1 de todo, y logr\u00f3 durante y despu\u00e9s de su vida conquistar la admiraci\u00f3n de cada persona con la que se relacion\u00f3. Puede resultar corta una nota para describir la grandeza que tuvo este joven para los familiares y el dolor que caus\u00f3 su partida a toda una generaci\u00f3n de j\u00f3venes de Tupungato.<br \/>\n\u201cSi tuviera que pedir que lo recuerden de una manera deseo que sea con cari\u00f1o\u201d, dijo su padre, afirmando que este \u201c\u00c1ngel\u201d sigue entre nosotros.<\/p>\n","protected":false},"excerpt":{"rendered":"<p>Fuente: Diario Los Andes El nombre de Miguel \u00c1ngel Giaquinta, fallecido en agosto pasado, trasciende en forma de becas a estudiantes en Tupungato. La empresa Belatrix Software, ubicada en Chacras de Coria -donde trabajaba Giaquinta-, las cre\u00f3 junto a Fonbec \u201cen homenaje a los valores que \u00e9l siempre represent\u00f3\u201d, con la misi\u00f3n de colaborar para &hellip; <\/p>\n","protected":false},"author":1,"featured_media":891,"comment_status":"open","ping_status":"open","sticky":false,"template":"","format":"standard","meta":{"footnotes":""},"categories":[1],"tags":[],"class_list":["post-890","post","type-post","status-publish","format-standard","has-post-thumbnail","hentry","category-sin-categoria"],"_links":{"self":[{"href":"https:\/\/www.fonbec.org.ar\/index.php?rest_route=\/wp\/v2\/posts\/890","targetHints":{"allow":["GET"]}}],"collection":[{"href":"https:\/\/www.fonbec.org.ar\/index.php?rest_route=\/wp\/v2\/posts"}],"about":[{"href":"https:\/\/www.fonbec.org.ar\/index.php?rest_route=\/wp\/v2\/types\/post"}],"author":[{"embeddable":true,"href":"https:\/\/www.fonbec.org.ar\/index.php?rest_route=\/wp\/v2\/users\/1"}],"replies":[{"embeddable":true,"href":"https:\/\/www.fonbec.org.ar\/index.php?rest_route=%2Fwp%2Fv2%2Fcomments&post=890"}],"version-history":[{"count":0,"href":"https:\/\/www.fonbec.org.ar\/index.php?rest_route=\/wp\/v2\/posts\/890\/revisions"}],"wp:featuredmedia":[{"embeddable":true,"href":"https:\/\/www.fonbec.org.ar\/index.php?rest_route=\/"}],"wp:attachment":[{"href":"https:\/\/www.fonbec.org.ar\/index.php?rest_route=%2Fwp%2Fv2%2Fmedia&parent=890"}],"wp:term":[{"taxonomy":"category","embeddable":true,"href":"https:\/\/www.fonbec.org.ar\/index.php?rest_route=%2Fwp%2Fv2%2Fcategories&post=890"},{"taxonomy":"post_tag","embeddable":true,"href":"https:\/\/www.fonbec.org.ar\/index.php?rest_route=%2Fwp%2Fv2%2Ftags&post=890"}],"curies":[{"name":"wp","href":"https:\/\/api.w.org\/{rel}","templated":true}]}}