{"id":884,"date":"2014-01-30T12:40:58","date_gmt":"2014-01-30T12:40:58","guid":{"rendered":"http:\/\/www.fonbec.org.ar\/?p=884"},"modified":"2014-01-30T12:40:58","modified_gmt":"2014-01-30T12:40:58","slug":"garayoa-joven-sobresaliente","status":"publish","type":"post","link":"https:\/\/www.fonbec.org.ar\/?p=884","title":{"rendered":"Premian a Facundo Garayoa."},"content":{"rendered":"<p>En el Museo Superior de Bellas Artes Evita, Palacio Ferreyra, la Bolsa de Comercio de C\u00f3rdoba distingui\u00f3 a los \u201cDiez J\u00f3venes Sobresalientes del A\u00f1o&#8221;, entre ellos el fundador y actual Director Ejecutivo de FONBEC. \u00c9stos fueron seleccionados entre 327 aspirantes, la evaluaci\u00f3n y elecci\u00f3n de galardonados estuvo a cargo del Honorable Jurado de este certamen conformado por destacadas personalidades de la provincia de C\u00f3rdoba.<br \/>\nEl Presidente de la Bolsa de Comercio, Cr. Horacio Praga, exhort\u00f3 a empresarios, pol\u00edticos y profesionales a tomar el ejemplo de estos j\u00f3venes para entrar en acci\u00f3n y comprometerse con el bien social. Retomando una frase de la Madre Teresa de Calcuta, Parga dijo a los presentes: &#8220;la vida solo acepta un lema: hechos, no palabras. Los hechos son los que mueven al mundo y sirven de ejemplo a la humanidad&#8221;. Adem\u00e1s, citando a Fernando Savater agreg\u00f3: &#8220;muchos se preguntan qu\u00e9 va a pasar, pero lo que muy pocos se preguntan (&#8230;) que vamos a hacer&#8221;.<\/p>\n","protected":false},"excerpt":{"rendered":"<p>En el Museo Superior de Bellas Artes Evita, Palacio Ferreyra, la Bolsa de Comercio de C\u00f3rdoba distingui\u00f3 a los \u201cDiez J\u00f3venes Sobresalientes del A\u00f1o&#8221;, entre ellos el fundador y actual Director Ejecutivo de FONBEC. \u00c9stos fueron seleccionados entre 327 aspirantes, la evaluaci\u00f3n y elecci\u00f3n de galardonados estuvo a cargo del Honorable Jurado de este certamen &hellip; <\/p>\n","protected":false},"author":1,"featured_media":894,"comment_status":"open","ping_status":"open","sticky":false,"template":"","format":"standard","meta":{"footnotes":""},"categories":[5],"tags":[],"class_list":["post-884","post","type-post","status-publish","format-standard","has-post-thumbnail","hentry","category-eventos"],"_links":{"self":[{"href":"https:\/\/www.fonbec.org.ar\/index.php?rest_route=\/wp\/v2\/posts\/884","targetHints":{"allow":["GET"]}}],"collection":[{"href":"https:\/\/www.fonbec.org.ar\/index.php?rest_route=\/wp\/v2\/posts"}],"about":[{"href":"https:\/\/www.fonbec.org.ar\/index.php?rest_route=\/wp\/v2\/types\/post"}],"author":[{"embeddable":true,"href":"https:\/\/www.fonbec.org.ar\/index.php?rest_route=\/wp\/v2\/users\/1"}],"replies":[{"embeddable":true,"href":"https:\/\/www.fonbec.org.ar\/index.php?rest_route=%2Fwp%2Fv2%2Fcomments&post=884"}],"version-history":[{"count":0,"href":"https:\/\/www.fonbec.org.ar\/index.php?rest_route=\/wp\/v2\/posts\/884\/revisions"}],"wp:featuredmedia":[{"embeddable":true,"href":"https:\/\/www.fonbec.org.ar\/index.php?rest_route=\/"}],"wp:attachment":[{"href":"https:\/\/www.fonbec.org.ar\/index.php?rest_route=%2Fwp%2Fv2%2Fmedia&parent=884"}],"wp:term":[{"taxonomy":"category","embeddable":true,"href":"https:\/\/www.fonbec.org.ar\/index.php?rest_route=%2Fwp%2Fv2%2Fcategories&post=884"},{"taxonomy":"post_tag","embeddable":true,"href":"https:\/\/www.fonbec.org.ar\/index.php?rest_route=%2Fwp%2Fv2%2Ftags&post=884"}],"curies":[{"name":"wp","href":"https:\/\/api.w.org\/{rel}","templated":true}]}}