{"id":260,"date":"2012-02-28T15:38:20","date_gmt":"2012-02-28T15:38:20","guid":{"rendered":"http:\/\/www.fonbec.org.ar\/?p=260"},"modified":"2012-02-28T15:38:20","modified_gmt":"2012-02-28T15:38:20","slug":"jovenes-embajadores-2012","status":"publish","type":"post","link":"https:\/\/www.fonbec.org.ar\/?p=260","title":{"rendered":"Joven Embajador 2012"},"content":{"rendered":"<p>&nbsp;<br \/>\nLa embajadora Mart\u00ednez se reuni\u00f3 con los 15 estudiantes argentinos que viajar\u00e1n a los Estados Unidos el 24 de marzo para participar del programa J\u00f3venes Embajadores 2012.<br \/>\nLos participantes son: Sof\u00eda Acosta, de Rafaela, prov. de Santa Fe; Nicol\u00e1s Aguiar de San Juan capital; Sebasti\u00e1n Antokoletz de El Bols\u00f3n, prov. de R\u00edo Negro; Fernando Bado de Formosa capital; Ezequiel C\u00e1ceres de Maip\u00fa, prov. de Mendoza; Guadalupe Carabajal de Santiago del Estero capital; Karen Cardozo de San Pedro, prov. de Jujuy; Gian Daniele de Charata, prov. de Chaco; Candelaria Dupraz de Lobos, prov. de Buenos Aires; Ismael Escribano de Los C\u00f3ndores, prov. de C\u00f3rdoba; Nicol\u00e1s Frangiosa de El Palomar, prov. de Buenos Aires; Bel\u00e9n Mattos Casta\u00f1eda de Corrientes capital; Noelia Navarro de Tres Isletas, prov. de Chaco; Angel Santarossa de General Pico, prov. de La Pampa y Nadia Valdivia de Salta capital.<br \/>\nLos alumnos seleccionados viajar\u00e1n a Estados Unidos, donde ser\u00e1n recibidos por funcionarios del gobierno en la ciudad de Washington, DC, visitar\u00e1n monumentos hist\u00f3ricos y asistir\u00e1n a eventos culturales. Luego se hospedar\u00e1n en casas de familias estadounidenses en las ciudades de Dallas,Texas; Kansas City, Missouri o Portland, Oreg\u00f3n.<br \/>\nEsta es la sexta edici\u00f3n del Programa J\u00f3venes Embajadores, una iniciativa de la Embajada de los Estados Unidos en colaboraci\u00f3n con la Organizaci\u00f3n World Learning. Los alumnos seleccionados de entre m\u00e1s de 350 candidatos provenientes de escuelas p\u00fablicas, poseen un buen nivel de ingl\u00e9s y no conocen los Estados Unidos. Todos se destacan por su excelencia acad\u00e9mica, su compromiso para con sus comunidades y su potencial como l\u00edderes.<br \/>\nFelicitamos a todos los alumnos seleccionados y a las dos mentores, Celeste Fueyo de C\u00f3rdoba capital y Madia Burgos de Resistencia, prov. de Chaco, quienes acompa\u00f1ar\u00e1n a los j\u00f3venes durante el viaje.<\/p>\n","protected":false},"excerpt":{"rendered":"<p>&nbsp; La embajadora Mart\u00ednez se reuni\u00f3 con los 15 estudiantes argentinos que viajar\u00e1n a los Estados Unidos el 24 de marzo para participar del programa J\u00f3venes Embajadores 2012. Los participantes son: Sof\u00eda Acosta, de Rafaela, prov. de Santa Fe; Nicol\u00e1s Aguiar de San Juan capital; Sebasti\u00e1n Antokoletz de El Bols\u00f3n, prov. de R\u00edo Negro; Fernando &hellip; <\/p>\n","protected":false},"author":1,"featured_media":0,"comment_status":"open","ping_status":"open","sticky":false,"template":"","format":"standard","meta":{"footnotes":""},"categories":[3,2],"tags":[],"class_list":["post-260","post","type-post","status-publish","format-standard","hentry","category-fonbecarios","category-noticias"],"_links":{"self":[{"href":"https:\/\/www.fonbec.org.ar\/index.php?rest_route=\/wp\/v2\/posts\/260","targetHints":{"allow":["GET"]}}],"collection":[{"href":"https:\/\/www.fonbec.org.ar\/index.php?rest_route=\/wp\/v2\/posts"}],"about":[{"href":"https:\/\/www.fonbec.org.ar\/index.php?rest_route=\/wp\/v2\/types\/post"}],"author":[{"embeddable":true,"href":"https:\/\/www.fonbec.org.ar\/index.php?rest_route=\/wp\/v2\/users\/1"}],"replies":[{"embeddable":true,"href":"https:\/\/www.fonbec.org.ar\/index.php?rest_route=%2Fwp%2Fv2%2Fcomments&post=260"}],"version-history":[{"count":0,"href":"https:\/\/www.fonbec.org.ar\/index.php?rest_route=\/wp\/v2\/posts\/260\/revisions"}],"wp:attachment":[{"href":"https:\/\/www.fonbec.org.ar\/index.php?rest_route=%2Fwp%2Fv2%2Fmedia&parent=260"}],"wp:term":[{"taxonomy":"category","embeddable":true,"href":"https:\/\/www.fonbec.org.ar\/index.php?rest_route=%2Fwp%2Fv2%2Fcategories&post=260"},{"taxonomy":"post_tag","embeddable":true,"href":"https:\/\/www.fonbec.org.ar\/index.php?rest_route=%2Fwp%2Fv2%2Ftags&post=260"}],"curies":[{"name":"wp","href":"https:\/\/api.w.org\/{rel}","templated":true}]}}