{"id":1891,"date":"2021-01-15T18:56:18","date_gmt":"2021-01-15T21:56:18","guid":{"rendered":"http:\/\/www.fonbec.org.ar\/?p=1891"},"modified":"2021-01-15T18:56:18","modified_gmt":"2021-01-15T21:56:18","slug":"solidaridad-en-pandemia","status":"publish","type":"post","link":"https:\/\/www.fonbec.org.ar\/?p=1891","title":{"rendered":"Solidaridad en pandemia"},"content":{"rendered":"\n<h1 class=\"wp-block-heading\" id=\"title\">Contra viento y marea: el trabajo de una ONG que permiti\u00f3 a 48 chicos seguir conectados con la escuela<\/h1>\n\n\n<p>Estudiantes del Centro Am-tema de Villa La \u00d1ata pudieron continuar con su escolaridad a pesar de las dificultades de conectividad en las salas.<\/p>\n\n\n<p><a href=\"https:\/\/www.clarin.com\/sociedad\/viento-marea-trabajo-ong-permitio-48-chicos-seguir-conectados-escuela_0_-g3E2ThZA.html\" target=\"_blank\" rel=\"noreferrer noopener\">Si quer\u00e9s leer la nota completa en Clarin.com hace clic aqu\u00ed.<\/a><\/p>\n","protected":false},"excerpt":{"rendered":"<p>Contra viento y marea: el trabajo de una ONG que permiti\u00f3 a 48 chicos seguir conectados con la escuela Estudiantes del Centro Am-tema de Villa La \u00d1ata pudieron continuar con su escolaridad a pesar de las dificultades de conectividad en las salas. Si quer\u00e9s leer la nota completa en Clarin.com hace clic aqu\u00ed.<\/p>\n","protected":false},"author":1,"featured_media":1895,"comment_status":"open","ping_status":"open","sticky":false,"template":"","format":"standard","meta":{"footnotes":""},"categories":[1],"tags":[],"class_list":["post-1891","post","type-post","status-publish","format-standard","has-post-thumbnail","hentry","category-sin-categoria"],"_links":{"self":[{"href":"https:\/\/www.fonbec.org.ar\/index.php?rest_route=\/wp\/v2\/posts\/1891","targetHints":{"allow":["GET"]}}],"collection":[{"href":"https:\/\/www.fonbec.org.ar\/index.php?rest_route=\/wp\/v2\/posts"}],"about":[{"href":"https:\/\/www.fonbec.org.ar\/index.php?rest_route=\/wp\/v2\/types\/post"}],"author":[{"embeddable":true,"href":"https:\/\/www.fonbec.org.ar\/index.php?rest_route=\/wp\/v2\/users\/1"}],"replies":[{"embeddable":true,"href":"https:\/\/www.fonbec.org.ar\/index.php?rest_route=%2Fwp%2Fv2%2Fcomments&post=1891"}],"version-history":[{"count":0,"href":"https:\/\/www.fonbec.org.ar\/index.php?rest_route=\/wp\/v2\/posts\/1891\/revisions"}],"wp:featuredmedia":[{"embeddable":true,"href":"https:\/\/www.fonbec.org.ar\/index.php?rest_route=\/"}],"wp:attachment":[{"href":"https:\/\/www.fonbec.org.ar\/index.php?rest_route=%2Fwp%2Fv2%2Fmedia&parent=1891"}],"wp:term":[{"taxonomy":"category","embeddable":true,"href":"https:\/\/www.fonbec.org.ar\/index.php?rest_route=%2Fwp%2Fv2%2Fcategories&post=1891"},{"taxonomy":"post_tag","embeddable":true,"href":"https:\/\/www.fonbec.org.ar\/index.php?rest_route=%2Fwp%2Fv2%2Ftags&post=1891"}],"curies":[{"name":"wp","href":"https:\/\/api.w.org\/{rel}","templated":true}]}}