{"id":1087,"date":"2015-10-13T15:43:08","date_gmt":"2015-10-13T15:43:08","guid":{"rendered":"http:\/\/www.fonbec.org.ar\/?p=1087"},"modified":"2015-10-13T15:43:08","modified_gmt":"2015-10-13T15:43:08","slug":"amor-al-trabajo","status":"publish","type":"post","link":"https:\/\/www.fonbec.org.ar\/?p=1087","title":{"rendered":"Amor al trabajo"},"content":{"rendered":"<p><em>&#8220;&#8230; M\u00e1s all\u00e1 de tener un trabajo, es una forma de devolver todo lo que me dieron desde que me comenzaron a brindar esos recursos para terminar mis estudios<\/em>&#8221; nos cuenta Paula desde las oficinas que FON tiene en C\u00f3rdoba.<br \/>\nTodas las ma\u00f1anas, Paula Segovia, ex becaria de FONBEC, aparece en las oficinas frente a la iglesia La Compa\u00f1\u00eda de Jes\u00fas y desarrolla sus tareas laborales de la mejor manera. Con una computadora especialmente para ella, colabora con el \u00e1rea administrativa-contable de FON. <em>&#8220;Hasta que no termino de hacer lo que me propongo, no puedo soltar la compu. De otra manera, estar\u00eda perdiendo el tiempo&#8221; <\/em>se encarga de aclararnos Paula.<br \/>\nPaula Segovia lleg\u00f3 a FONBEC cuando ten\u00eda 18 a\u00f1os gracias a una tapa de la Voz del Interior ayud\u00f3 a que FON pudiera contactarla. En ese momento, se encontraba cursando \u00faltimo a\u00f1o en el colegio Dr. J. R. Iba\u00f1es de Villa Esqui\u00fa, en C\u00f3rdoba, y result\u00f3 ser la escolta de bandera de dicha escuela. El t\u00edtulo de la nota era &#8220;Abanderados con orgullo inmigrante&#8221;, una verdadera \u00eddola.<br \/>\nGracias a la beca y al apoyo y donaci\u00f3n de Piero Grupos de Estudio \u2013que colabora con FONBEC hace a\u00f1os- , pudo prepararse para el ingreso a la carrera de Contador P\u00fablico de la UNC. Hoy se encuentra cursando tercer a\u00f1o.<\/p>\n","protected":false},"excerpt":{"rendered":"<p>&#8220;&#8230; M\u00e1s all\u00e1 de tener un trabajo, es una forma de devolver todo lo que me dieron desde que me comenzaron a brindar esos recursos para terminar mis estudios&#8221; nos cuenta Paula desde las oficinas que FON tiene en C\u00f3rdoba. Todas las ma\u00f1anas, Paula Segovia, ex becaria de FONBEC, aparece en las oficinas frente a &hellip; <\/p>\n","protected":false},"author":1,"featured_media":0,"comment_status":"open","ping_status":"open","sticky":false,"template":"","format":"standard","meta":{"footnotes":""},"categories":[1],"tags":[],"class_list":["post-1087","post","type-post","status-publish","format-standard","hentry","category-sin-categoria"],"_links":{"self":[{"href":"https:\/\/www.fonbec.org.ar\/index.php?rest_route=\/wp\/v2\/posts\/1087","targetHints":{"allow":["GET"]}}],"collection":[{"href":"https:\/\/www.fonbec.org.ar\/index.php?rest_route=\/wp\/v2\/posts"}],"about":[{"href":"https:\/\/www.fonbec.org.ar\/index.php?rest_route=\/wp\/v2\/types\/post"}],"author":[{"embeddable":true,"href":"https:\/\/www.fonbec.org.ar\/index.php?rest_route=\/wp\/v2\/users\/1"}],"replies":[{"embeddable":true,"href":"https:\/\/www.fonbec.org.ar\/index.php?rest_route=%2Fwp%2Fv2%2Fcomments&post=1087"}],"version-history":[{"count":0,"href":"https:\/\/www.fonbec.org.ar\/index.php?rest_route=\/wp\/v2\/posts\/1087\/revisions"}],"wp:attachment":[{"href":"https:\/\/www.fonbec.org.ar\/index.php?rest_route=%2Fwp%2Fv2%2Fmedia&parent=1087"}],"wp:term":[{"taxonomy":"category","embeddable":true,"href":"https:\/\/www.fonbec.org.ar\/index.php?rest_route=%2Fwp%2Fv2%2Fcategories&post=1087"},{"taxonomy":"post_tag","embeddable":true,"href":"https:\/\/www.fonbec.org.ar\/index.php?rest_route=%2Fwp%2Fv2%2Ftags&post=1087"}],"curies":[{"name":"wp","href":"https:\/\/api.w.org\/{rel}","templated":true}]}}