{"id":1053,"date":"2015-05-28T16:35:44","date_gmt":"2015-05-28T16:35:44","guid":{"rendered":"http:\/\/www.fonbec.org.ar\/?p=1053"},"modified":"2015-05-28T16:35:44","modified_gmt":"2015-05-28T16:35:44","slug":"becario-for-export","status":"publish","type":"post","link":"https:\/\/www.fonbec.org.ar\/?p=1053","title":{"rendered":"Becario For Export"},"content":{"rendered":"<p style=\"text-align: center;\"><a href=\"https:\/\/www.fonbec.org.ar\/index.php\/becario-for-export\/mauricio\/\" rel=\"attachment wp-att-1055\"><img loading=\"lazy\" decoding=\"async\" class=\"aligncenter  wp-image-1055\" src=\"https:\/\/www.fonbec.org.ar\/wp-content\/uploads\/2015\/05\/mauricio-300x225.jpg\" alt=\"\" width=\"300\" height=\"225\" \/><\/a><\/p>\n<p>Mauricio C\u00e1ceres estudi\u00f3 en la Escuela T\u00e9cnica Pablo Nogu\u00e9s de Mendoza. Lleg\u00f3 a FONBEC como becario en el a\u00f1o 2007, cuando todav\u00eda le quedaban dos a\u00f1os paraterminar el secundario.<br \/>\nYa cursando sus estudios de Ingenier\u00eda Mecatr\u00f3nica en la Universidad Nacional de Cuyo, se present\u00f3 para una beca en Francia y&#8230; \u00a1Qued\u00f3 seleccionado!. Hoy se encuentra terminando su carrera universitaria en la Escuela de Ingenieros de Brest en dicho pa\u00eds. Un grande!<br \/>\n&#8220;<em>FONBEC me solivi\u00f3 econ\u00f3micamente en la secundaria; me ayud\u00f3 mucho en los primerosa\u00f1os de la universidad y tambi\u00e9n con los idiomas&#8230;<\/em>&#8221; \u00a1\u00c9xitos Mauri!<\/p>\n<p style=\"text-align: center;\">\n","protected":false},"excerpt":{"rendered":"<p>Mauricio C\u00e1ceres estudi\u00f3 en la Escuela T\u00e9cnica Pablo Nogu\u00e9s de Mendoza. Lleg\u00f3 a FONBEC como becario en el a\u00f1o 2007, cuando todav\u00eda le quedaban dos a\u00f1os paraterminar el secundario. Ya cursando sus estudios de Ingenier\u00eda Mecatr\u00f3nica en la Universidad Nacional de Cuyo, se present\u00f3 para una beca en Francia y&#8230; \u00a1Qued\u00f3 seleccionado!. Hoy se encuentra &hellip; <\/p>\n","protected":false},"author":1,"featured_media":0,"comment_status":"open","ping_status":"open","sticky":false,"template":"","format":"standard","meta":{"footnotes":""},"categories":[1],"tags":[],"class_list":["post-1053","post","type-post","status-publish","format-standard","hentry","category-sin-categoria"],"_links":{"self":[{"href":"https:\/\/www.fonbec.org.ar\/index.php?rest_route=\/wp\/v2\/posts\/1053","targetHints":{"allow":["GET"]}}],"collection":[{"href":"https:\/\/www.fonbec.org.ar\/index.php?rest_route=\/wp\/v2\/posts"}],"about":[{"href":"https:\/\/www.fonbec.org.ar\/index.php?rest_route=\/wp\/v2\/types\/post"}],"author":[{"embeddable":true,"href":"https:\/\/www.fonbec.org.ar\/index.php?rest_route=\/wp\/v2\/users\/1"}],"replies":[{"embeddable":true,"href":"https:\/\/www.fonbec.org.ar\/index.php?rest_route=%2Fwp%2Fv2%2Fcomments&post=1053"}],"version-history":[{"count":0,"href":"https:\/\/www.fonbec.org.ar\/index.php?rest_route=\/wp\/v2\/posts\/1053\/revisions"}],"wp:attachment":[{"href":"https:\/\/www.fonbec.org.ar\/index.php?rest_route=%2Fwp%2Fv2%2Fmedia&parent=1053"}],"wp:term":[{"taxonomy":"category","embeddable":true,"href":"https:\/\/www.fonbec.org.ar\/index.php?rest_route=%2Fwp%2Fv2%2Fcategories&post=1053"},{"taxonomy":"post_tag","embeddable":true,"href":"https:\/\/www.fonbec.org.ar\/index.php?rest_route=%2Fwp%2Fv2%2Ftags&post=1053"}],"curies":[{"name":"wp","href":"https:\/\/api.w.org\/{rel}","templated":true}]}}